{"id":145,"date":"2015-09-11T15:32:52","date_gmt":"2015-09-11T13:32:52","guid":{"rendered":"http:\/\/www.containerdienst-riesa.de\/?p=145"},"modified":"2015-09-11T15:32:52","modified_gmt":"2015-09-11T13:32:52","slug":"abrollcontainer-pressbehaelter-fuer-stationaere-abfallpresse-mb25","status":"publish","type":"post","link":"http:\/\/www.containerdienst-riesa.de\/?p=145","title":{"rendered":"Abrollcontainer Pressbeh\u00e4lter f\u00fcr station\u00e4re Abfallpresse MB25"},"content":{"rendered":"<p>Baujahr 1996<br \/>\nInhalt: 25m\u00b2<br \/>\nAngaben in ca.<br \/>\nL\u00e4nge: 595 cm<br \/>\nH\u00f6he:\u00a0 254 cm<br \/>\nNutzlast: 12 t<\/p>\n<p>Zweimal vorhanden.<\/p>\n<p><a href=\"http:\/\/www.containerdienst-riesa.de\/wp-content\/uploads\/2015\/09\/IMG_0187-e1441977926390.jpg\"><img decoding=\"async\" loading=\"lazy\" class=\"alignnone size-medium wp-image-142\" src=\"http:\/\/www.containerdienst-riesa.de\/wp-content\/uploads\/2015\/09\/IMG_0187-300x200.jpg\" alt=\"IMG_0187\" width=\"300\" height=\"200\" \/><\/a> <a href=\"http:\/\/www.containerdienst-riesa.de\/wp-content\/uploads\/2015\/09\/IMG_0136-e1441977988672.jpg\"><img decoding=\"async\" loading=\"lazy\" class=\"alignnone size-medium wp-image-137\" src=\"http:\/\/www.containerdienst-riesa.de\/wp-content\/uploads\/2015\/09\/IMG_0136-300x200.jpg\" alt=\"IMG_0136\" width=\"300\" height=\"200\" \/><\/a> <a href=\"http:\/\/www.containerdienst-riesa.de\/wp-content\/uploads\/2015\/09\/IMG_0140-e1441977978201.jpg\"><img decoding=\"async\" loading=\"lazy\" class=\"alignnone size-medium wp-image-138\" src=\"http:\/\/www.containerdienst-riesa.de\/wp-content\/uploads\/2015\/09\/IMG_0140-300x200.jpg\" alt=\"IMG_0140\" width=\"300\" height=\"200\" \/><\/a><\/p>\n","protected":false},"excerpt":{"rendered":"<p>Baujahr 1996 Inhalt: 25m\u00b2 Angaben in ca. L\u00e4nge: 595 cm H\u00f6he:\u00a0 254 cm Nutzlast: 12 t Zweimal vorhanden.<\/p>\n","protected":false},"author":1,"featured_media":142,"comment_status":"closed","ping_status":"closed","sticky":false,"template":"","format":"standard","meta":[],"categories":[1],"tags":[25,27,18],"_links":{"self":[{"href":"http:\/\/www.containerdienst-riesa.de\/index.php?rest_route=\/wp\/v2\/posts\/145"}],"collection":[{"href":"http:\/\/www.containerdienst-riesa.de\/index.php?rest_route=\/wp\/v2\/posts"}],"about":[{"href":"http:\/\/www.containerdienst-riesa.de\/index.php?rest_route=\/wp\/v2\/types\/post"}],"author":[{"embeddable":true,"href":"http:\/\/www.containerdienst-riesa.de\/index.php?rest_route=\/wp\/v2\/users\/1"}],"replies":[{"embeddable":true,"href":"http:\/\/www.containerdienst-riesa.de\/index.php?rest_route=%2Fwp%2Fv2%2Fcomments&post=145"}],"version-history":[{"count":1,"href":"http:\/\/www.containerdienst-riesa.de\/index.php?rest_route=\/wp\/v2\/posts\/145\/revisions"}],"predecessor-version":[{"id":146,"href":"http:\/\/www.containerdienst-riesa.de\/index.php?rest_route=\/wp\/v2\/posts\/145\/revisions\/146"}],"wp:featuredmedia":[{"embeddable":true,"href":"http:\/\/www.containerdienst-riesa.de\/index.php?rest_route=\/wp\/v2\/media\/142"}],"wp:attachment":[{"href":"http:\/\/www.containerdienst-riesa.de\/index.php?rest_route=%2Fwp%2Fv2%2Fmedia&parent=145"}],"wp:term":[{"taxonomy":"category","embeddable":true,"href":"http:\/\/www.containerdienst-riesa.de\/index.php?rest_route=%2Fwp%2Fv2%2Fcategories&post=145"},{"taxonomy":"post_tag","embeddable":true,"href":"http:\/\/www.containerdienst-riesa.de\/index.php?rest_route=%2Fwp%2Fv2%2Ftags&post=145"}],"curies":[{"name":"wp","href":"https:\/\/api.w.org\/{rel}","templated":true}]}}